{"id":1219,"date":"2015-12-05T06:57:40","date_gmt":"2015-12-05T05:57:40","guid":{"rendered":"http:\/\/www.irisroma.org\/wp\/?p=1219"},"modified":"2017-02-28T17:46:21","modified_gmt":"2017-02-28T16:46:21","slug":"scrittura-terapeutica-2015-2016","status":"publish","type":"post","link":"https:\/\/www.irisroma.org\/per-le-donne-per-la-vita\/scrittura-terapeutica-2015-2016\/","title":{"rendered":"Scrittura Terapeutica \u00a02015-2016"},"content":{"rendered":"<h4 class=\"p1\"><span style=\"color: #000000;\">Carissime partecipanti,\u00a0<\/span><span style=\"color: #000000;\">innanzitutto benvenute! <\/span><\/h4>\n<h5 class=\"p1\"><span style=\"color: #000000;\">Ad ognuna di Voi va il Nostro pi\u00f9 sentito ringraziamento per aver aderito a questo progetto finanziato dall\u2019Associazione\u00a0<b>IRIS\u00a0Onlus<\/b>\u00a0e dal contributo non condizionante di\u00a0<b>Bristol-Myers Squibb<\/b>,\u00a0che quest\u2019anno ha deciso di sposare e sostenere questo progetto psicologico cosi importante per le nostre pazienti.<\/span><\/h5>\n<p>&nbsp;<\/p>\n<h5 class=\"p1\">\n<div class=\"hr-thin\"><\/div>\n<\/h5>\n<p class=\"p1\"><span style=\"color: #000000;\">Il\u00a0senso \u00a0di questo lavoro \u00e8 quello\u00a0di\u00a0condividere, di\u00a0elaborare\u00a0&#8211; all\u2019interno del contenimento di un gruppo di persone che sentiamo profondamente \u201csimili\u201d a noi per l\u2019esperienza che ci accomuna &#8211; momenti significativi del percorso di cura di ognuna di voi. L\u2019esperienza partecipata offre l\u2019opportunit\u00e0 di rivisitare i propri vissuti, di condividere esperienze e punti di vista, scoprendo nuove modalit\u00e0 di leggere la realt\u00e0. Il percorso si propone di riflettere sui momenti dolorosi dell\u2019esperienza di malattia, ma anche di\u00a0condividere i\u00a0momenti gioiosi\u00a0e\u00a0di superamento delle difficolt\u00e0.<\/span><\/p>\n<p class=\"p1\"><span style=\"color: #333333;\"><blockquote class=\"text-normal shortcode-blockquote\"><p>\n<\/span><em><span style=\"color: #000000;\">&#8220;La possibilit\u00e0 di raccontarsi \u00e8 gi\u00e0 in se un atto terapeutico in quanto promuove una riconciliazione ed uno stato di quiete.&#8221;<br \/>\n<\/span><span style=\"color: #000000;\">La realt\u00e0 non esiste come tale indipendentemente dall\u2019osservatore, quindi ogni narrazione \u00e8 plasmata dai significati attribuiti dal soggetto che racconta. <\/span><span style=\"color: #000000;\">I<\/span><span style=\"color: #000000;\">n questa ottica di scambio e trasformazione l\u2019idea di un gruppo che condivida la scrittura terapeutica diviene il luogo del possibile cambiamento.<\/span><\/em><\/p>\n<p class=\"p3\" style=\"text-align: left;\"><span style=\"color: #000000;\"><em>La sofferenza rappresenta un destino che va trasformato in progetto, <span class=\"s1\">non \u00e8 dalla patologia che nasce la creativit\u00e0 ma dalla elaborazione della nostra sofferenza<\/span>.\u00a0Quando la vita si trasforma, e ci trasforma, le parole divengono la rappresentazione del \u201cmagma di emozioni\u201d inesprimibile che ci attanaglia.\u00a0Quello che s\u2019insinua nei nostri pensieri, diviene il padrone della nostra mente. Nasce il bisogno di poter dire, di poter narrare la propria storia, di poter esprimere quelle emozioni che ci ingorgano l\u2019anima.\u00a0Le parole divengono il \u201cfarmaco\u201d al nostro dolore. La vera cura di s\u00e9, il vero prendersi carico facendo pace con le proprie memorie,&#8221; inizia probabilmente quando non pi\u00f9 il passato ma il presente, che scorre giorno dopo giorno aggiungendo altre esperienze, entra in scena e diventa luogo fertile per inventare o svelare altri modi di sentire, osservare, scrutare e registrare il mondo dentro e fuori di noi.&#8221;<\/em><br \/>\n<\/span><span style=\"color: #333333;\"><\/p>\n<\/blockquote><\/span><\/p>\n<p class=\"p3\" style=\"text-align: left;\"><span style=\"color: #000000;\">Questo\u00a0percorso pu\u00f2 aiutarci\u00a0a fare pace con i nostri sentimenti e con il nostro corpo, a riscoprire le persone che ci sono intorno, scoprendo talvolta\u00a0in loro grandi risorse,\u00a0a recuperare un\u00a0dialogo con il partner, ad affrontare problematiche relazionali o sessuali,\u00a0a pensare al\u00a0presente o al\u00a0futuro in un modo nuovo,\u00a0a comprendere le emozioni\u00a0che questa malattia ci lascia dentro,\u00a0e ad annetterle alla nostra vita.<\/span><\/p>\n<p class=\"p1\"><span style=\"color: #000000;\">Questo lavoro \u00e8 possibile nella misura in cui ognuna di voi porti\u00a0all\u2019interno del\u00a0gruppo\u00a0la\u00a0propria\u00a0esperienza\u00a0come risorsa preziosa,\u00a0e la confronti con le altre\u00a0esperienze e con le altre donne come strumento di crescita\u00a0personale e del gruppo.<\/span><\/p>\n<p class=\"p1\"><span style=\"color: #000000;\"><\/p>\n<div class=\"hr-thin\"><\/div>\n<p><\/span><\/p>\n<h5 class=\"p1\"><\/h5>\n<h4 class=\"p1\"><span style=\"color: #000000;\">\u00a0Ecco il calendario degli incontri del gruppo di Scrittura Terapeutica:<\/span><\/h4>\n<h5 class=\"p1\"><span style=\"color: #000000;\">1.\u00a0Luned\u00ec 23 Novembre 2015 \u2013 Ore 15.00\/17.00<\/span><\/h5>\n<h5 class=\"p1\"><span style=\"color: #000000;\">2.\u00a0Lunedi 14 Dicembre 2015\u00a0\u2013\u00a0Ore\u00a015.00\/17.00<\/span><\/h5>\n<h5 class=\"p1\"><span style=\"color: #000000;\">3.\u00a0Lunedi 11 Gennaio 2016 \u2013 Ore\u00a015.00\/17.00<\/span><\/h5>\n<h5 class=\"p1\"><span style=\"color: #000000;\">4.\u00a0Lunedi 08 febbraio 2016 \u2013 Ore\u00a015.00\/17.00<\/span><\/h5>\n<h5 class=\"p1\"><span style=\"color: #000000;\">5.\u00a0Lunedi 07 Marzo 2016 \u2013 Ore\u00a015.00\/17.00<\/span><\/h5>\n<h5 class=\"p1\"><span style=\"color: #000000;\">6.\u00a0Lunedi 11 Aprile 2016 \u2013 Ore\u00a015.00\/17.00<\/span><\/h5>\n<p class=\"p1\"><span style=\"color: #000000;\"><\/p>\n<div class=\"hr-thin\"><\/div>\n<p><\/span><\/p>\n<p class=\"p1\"><span style=\"color: #000000;\">Vi preghiamo di darci conferma della vostra presenza, o di comunicarci eventuali assenze, agli \u00a0indirizzi di posta elettronica delle team leaders, le psico oncologhe Barbara Costantini e Letizia Lafuenti.<\/span><\/p>\n<p class=\"p4\"><span class=\"s2\" style=\"color: #000000;\"><a style=\"color: #000000;\" href=\"mailto:barbara.costantini17@gmail.com\">barbara.costantini17@gmail.com<\/a><\/span><\/p>\n<p class=\"p4\"><span class=\"s2\" style=\"color: #000000;\"><a style=\"color: #000000;\" href=\"mailto:letizia.lafuenti@gmail.com\">letizia.lafuenti@gmail.com<\/a><\/span><\/p>\n<p class=\"p1\"><span style=\"color: #000000;\"><a style=\"color: #000000;\" href=\"mailto:segreteria@irisroma.org\">segreteria@irisroma.org<\/a><\/span><\/p>\n<h5 class=\"p1\">\n<div class=\"hr-thin\"><\/div>\n<\/h5>\n<h4 class=\"p1\"><span style=\"color: #000000;\">Un affettuoso saluto\u2026e\u00a0buon viaggio!<\/span><\/h4>\n<h5 class=\"p1\"><span style=\"color: #000000;\">Dalla Presidente Dott.ssa Olga Naso e da IrisRoma Onlus. #noicisiamo<\/span><\/h5>\n<h5 class=\"p1\"><a href=\"http:\/\/www.irisroma.org\/wp\/wp-content\/uploads\/2014\/05\/logoIris_orr156.png\"><img loading=\"lazy\" decoding=\"async\" class=\"alignnone size-full wp-image-327\" src=\"http:\/\/www.irisroma.org\/wp\/wp-content\/uploads\/2014\/05\/logoIris_orr156.png\" alt=\"logoIris_orr156\" width=\"227\" height=\"156\" \/><\/a><\/h5>\n<h5 class=\"p1\"><span style=\"color: #000000;\">con il sostegno non condizionante di<\/span><\/h5>\n<p class=\"p1\"><img loading=\"lazy\" decoding=\"async\" class=\"alignnone wp-image-1220\" src=\"http:\/\/www.irisroma.org\/wp\/wp-content\/uploads\/2015\/12\/LOGO-BMS-1024x128.jpg\" alt=\"LOGO BMS\" width=\"450\" height=\"56\" srcset=\"https:\/\/www.irisroma.org\/wp\/wp-content\/uploads\/2015\/12\/LOGO-BMS-1024x128.jpg 1024w, https:\/\/www.irisroma.org\/wp\/wp-content\/uploads\/2015\/12\/LOGO-BMS-600x75.jpg 600w, https:\/\/www.irisroma.org\/wp\/wp-content\/uploads\/2015\/12\/LOGO-BMS-300x37.jpg 300w\" sizes=\"(max-width: 450px) 100vw, 450px\" \/><\/p>\n<p class=\"p1\"><span style=\"color: #000000;\">\u00a0copyright IrisRoma Onlus &#8211; Communication2015<\/span><\/p>\n","protected":false},"excerpt":{"rendered":"<p>Carissime partecipanti,\u00a0innanzitutto benvenute! Ad ognuna di Voi va il Nostro pi\u00f9 sentito ringraziamento per aver aderito a questo progetto finanziato dall\u2019Associazione\u00a0IRIS\u00a0Onlus\u00a0e dal contributo non condizionante di\u00a0Bristol-Myers Squibb,\u00a0che quest\u2019anno ha deciso di sposare e sostenere questo progetto psicologico cosi importante per le nostre pazienti. &nbsp; Il\u00a0senso \u00a0di questo lavoro \u00e8 quello\u00a0di\u00a0condividere, di\u00a0elaborare\u00a0&#8211; all\u2019interno del contenimento di&hellip;<\/p>\n","protected":false},"author":1,"featured_media":1241,"comment_status":"closed","ping_status":"closed","sticky":false,"template":"","format":"standard","meta":{"_jetpack_memberships_contains_paid_content":false,"footnotes":""},"categories":[1],"tags":[],"class_list":["post-1219","post","type-post","status-publish","format-standard","has-post-thumbnail","hentry","category-oncologia-ginecologica","category-1","description-off"],"jetpack_sharing_enabled":true,"jetpack_featured_media_url":"https:\/\/www.irisroma.org\/wp\/wp-content\/uploads\/2015\/12\/typewriter.jpg","_links":{"self":[{"href":"https:\/\/www.irisroma.org\/per-le-donne-per-la-vita\/wp-json\/wp\/v2\/posts\/1219"}],"collection":[{"href":"https:\/\/www.irisroma.org\/per-le-donne-per-la-vita\/wp-json\/wp\/v2\/posts"}],"about":[{"href":"https:\/\/www.irisroma.org\/per-le-donne-per-la-vita\/wp-json\/wp\/v2\/types\/post"}],"author":[{"embeddable":true,"href":"https:\/\/www.irisroma.org\/per-le-donne-per-la-vita\/wp-json\/wp\/v2\/users\/1"}],"replies":[{"embeddable":true,"href":"https:\/\/www.irisroma.org\/per-le-donne-per-la-vita\/wp-json\/wp\/v2\/comments?post=1219"}],"version-history":[{"count":20,"href":"https:\/\/www.irisroma.org\/per-le-donne-per-la-vita\/wp-json\/wp\/v2\/posts\/1219\/revisions"}],"predecessor-version":[{"id":1460,"href":"https:\/\/www.irisroma.org\/per-le-donne-per-la-vita\/wp-json\/wp\/v2\/posts\/1219\/revisions\/1460"}],"wp:featuredmedia":[{"embeddable":true,"href":"https:\/\/www.irisroma.org\/per-le-donne-per-la-vita\/wp-json\/wp\/v2\/media\/1241"}],"wp:attachment":[{"href":"https:\/\/www.irisroma.org\/per-le-donne-per-la-vita\/wp-json\/wp\/v2\/media?parent=1219"}],"wp:term":[{"taxonomy":"category","embeddable":true,"href":"https:\/\/www.irisroma.org\/per-le-donne-per-la-vita\/wp-json\/wp\/v2\/categories?post=1219"},{"taxonomy":"post_tag","embeddable":true,"href":"https:\/\/www.irisroma.org\/per-le-donne-per-la-vita\/wp-json\/wp\/v2\/tags?post=1219"}],"curies":[{"name":"wp","href":"https:\/\/api.w.org\/{rel}","templated":true}]}}